{"id":2910,"date":"2018-02-01T00:00:00","date_gmt":"2018-01-31T23:00:00","guid":{"rendered":"https:\/\/castell.romeuprenafeta.com\/2018\/02\/01\/caactivitats-biblioteques-amb-do\/"},"modified":"2020-05-07T08:47:38","modified_gmt":"2020-05-07T06:47:38","slug":"activitats-biblioteques-amb-do","status":"publish","type":"post","link":"https:\/\/castelldelremei.com\/zh-hant\/activitats-biblioteques-amb-do\/","title":{"rendered":"Activitats Biblioteques amb DO"},"content":{"rendered":"<p>Aquest mes de febrer tenim diversos actes organitzats dins de les Biblioteques amb DO, col\u00b7laborant amb quatre biblioteques de la zona. Us convidem a gaudir de la cultura vitivin\u00edcola dins d\u2019uns actes amb la voluntat de portar la cultura del vi a les biblioteques p\u00fabliques de Catalunya. A continuaci\u00f3, es detallen les activitats:<\/p>\n<p><strong>Dijous 8, a les 20h. Sala gran de b\u00f3tes del celler Castell del Remei.<br \/>\n<\/strong>Presentaci\u00f3 del llibre <strong>\u201cReinas de Copas\u201d<\/strong>, amb la pres\u00e8ncia de l\u2019autor Zoltan Nagy i de Gemma Plaza, cap de producci\u00f3 del celler i entrevistada. Recorregut pel celler i tast del vi Vilosell del celler Tom\u00e0s Cusin\u00e9.<\/p>\n<p><strong>Dijous 8, a les 20h. Biblioteca Margarida de Montferrat, de Balaguer.<br \/>\n<\/strong><strong>\u201c\u00d2pera i vins. Gran Reserva de l\u2019\u00d2pera\u201d<\/strong>. Xerrada a c\u00e0rrec de David Puertas sobre la relaci\u00f3 entre el vi i l\u2019\u00f2pera. Es tastaran i comentaran vins per gentilesa de Castell del Remei a c\u00e0rrec d\u2019en Xavier Cepero, director general del celler.<\/p>\n<p><strong>Divendres 9, a les 20h. Biblioteca Salvador Espriu, de Linyola.<br \/>\n<\/strong><strong>Tast guiat <\/strong>amb 5 vins de Castell del Remei, a c\u00e0rrec de l\u2019en\u00f2leg Tom\u00e0s Cusin\u00e9, propietari del celler.<\/p>\n<p><strong>Dijous 15, a les 20h. Biblioteca Comarcal Jaume Vila, de Mollerussa.<br \/>\n<\/strong><strong>Futbol i vi. <\/strong>Presentaci\u00f3 de<strong> \u201cFutbol\u00edtica. Hist\u00f2ries de clubs pol\u00edticament singulars\u201d<\/strong>, a c\u00e0rrec de Ramon Usall. Es tastaran i comentaran vins per gentilesa de Cara Nord Celler a c\u00e0rrec d\u2019en Xavier Cepero, director general del celler.<\/p>\n<p><strong>Dijous 15, a les 20h. Biblioteca Margarida de Montferrat, de Balaguer.<br \/>\n<\/strong>Xerrada-concurs<strong> \u201cEnigm\u00e0rius. Els enigmes del vi\u201d<\/strong>, a c\u00e0rrec de M\u00e0rius Serra. L\u2019acte anir\u00e0 acompanyat d\u2019un tast de vins del celler Castell del Remei a c\u00e0rrec d\u2019Ivan Valor, export \u00e0rea manager del celler.<\/p>\n<p><strong>Dijous 22, a les 20h. Biblioteca Comarcal Jaume Vila, de Mollerussa.<br \/>\n<\/strong><strong>\u201c\u00d2pera i vins. Gran Reserva de l\u2019\u00d2pera\u201d<\/strong>. Xerrada a c\u00e0rrec de David Puertas sobre la relaci\u00f3 entre el vi i l\u2019\u00f2pera. Es tastaran i comentaran tres vins per gentilesa de C\u00e9rvoles Celler a c\u00e0rrec de l\u2019en\u00f2leg Tom\u00e0s Cusin\u00e9, propietari del celler.<\/p>\n<p><strong>Dijous 22, a les 20h. Biblioteca Margarida de Montferrat, de Balaguer.<br \/>\n<\/strong><strong>M\u00fasica a la Vi-biblioteca<\/strong> de Carles Belda, acordionista diat\u00f2nic. L\u2019acte anir\u00e0 acompanyat d\u2019un tast de vins del celler Castell del Remei a c\u00e0rrec de D\u00e0cil Estapa, directora de Mercat Nacional.<\/p>\n<p><strong>Divendres 23, a les 20h. Sal\u00f3 del Mirall del Castell del Remei.<br \/>\n<\/strong><strong>Concert d\u2019\u00e0ries d\u2019\u00f2pera. <\/strong>Eva Ruiz, soprano i Marta Mesalles, piano. L\u2019acte anir\u00e0 acompanyat d\u2019un tast de vins del celler Castell del Remei. Places limitades.<\/p>\n<p><strong>Dimarts 27, a les 19h. Biblioteca Josep Lladonosa i Pujol, d\u2019Alguaire.<br \/>\nVi, glosa i estrelles. <\/strong><strong>Tast guiat <\/strong>amb vins de Castell del Remei i Tom\u00e0s Cusin\u00e9 celler a c\u00e0rrec d\u2019en Xavier Cepero, director general dels cellers.<\/p>\n<p><strong>Dissabte 03 de mar\u00e7, a les 11:30h. Celler Castell del Remei<br \/>\n<\/strong><strong>Recorregut<\/strong> pel celler i <strong>tast<\/strong> de vins pels assistents provinents de la Biblioteca Josep Lladonosa i Pujol, d\u2019Alguaire.<\/p>\n","protected":false},"excerpt":{"rendered":"<p> [&hellip;]<\/p>\n","protected":false},"author":15,"featured_media":1216,"comment_status":"open","ping_status":"open","sticky":false,"template":"","format":"standard","meta":{"om_disable_all_campaigns":false,"_monsterinsights_skip_tracking":false,"site-sidebar-layout":"default","site-content-layout":"default","ast-site-content-layout":"default","site-content-style":"default","site-sidebar-style":"default","ast-global-header-display":"","ast-banner-title-visibility":"","ast-main-header-display":"","ast-hfb-above-header-display":"","ast-hfb-below-header-display":"","ast-hfb-mobile-header-display":"","site-post-title":"","ast-breadcrumbs-content":"","ast-featured-img":"","footer-sml-layout":"","ast-disable-related-posts":"","theme-transparent-header-meta":"default","adv-header-id-meta":"","stick-header-meta":"default","header-above-stick-meta":"","header-main-stick-meta":"","header-below-stick-meta":"","astra-migrate-meta-layouts":"default","ast-page-background-enabled":"default","ast-page-background-meta":{"desktop":{"background-color":"","background-image":"","background-repeat":"repeat","background-position":"center center","background-size":"auto","background-attachment":"scroll","background-type":"","background-media":"","overlay-type":"","overlay-color":"","overlay-opacity":"","overlay-gradient":""},"tablet":{"background-color":"","background-image":"","background-repeat":"repeat","background-position":"center center","background-size":"auto","background-attachment":"scroll","background-type":"","background-media":"","overlay-type":"","overlay-color":"","overlay-opacity":"","overlay-gradient":""},"mobile":{"background-color":"","background-image":"","background-repeat":"repeat","background-position":"center center","background-size":"auto","background-attachment":"scroll","background-type":"","background-media":"","overlay-type":"","overlay-color":"","overlay-opacity":"","overlay-gradient":""}},"ast-content-background-meta":{"desktop":{"background-color":"var(--ast-global-color-5)","background-image":"","background-repeat":"repeat","background-position":"center center","background-size":"auto","background-attachment":"scroll","background-type":"","background-media":"","overlay-type":"","overlay-color":"","overlay-opacity":"","overlay-gradient":""},"tablet":{"background-color":"var(--ast-global-color-5)","background-image":"","background-repeat":"repeat","background-position":"center center","background-size":"auto","background-attachment":"scroll","background-type":"","background-media":"","overlay-type":"","overlay-color":"","overlay-opacity":"","overlay-gradient":""},"mobile":{"background-color":"var(--ast-global-color-5)","background-image":"","background-repeat":"repeat","background-position":"center center","background-size":"auto","background-attachment":"scroll","background-type":"","background-media":"","overlay-type":"","overlay-color":"","overlay-opacity":"","overlay-gradient":""}},"footnotes":""},"categories":[34],"tags":[],"class_list":["post-2910","post","type-post","status-publish","format-standard","has-post-thumbnail","hentry","category-premsa"],"_links":{"self":[{"href":"https:\/\/castelldelremei.com\/zh-hant\/wp-json\/wp\/v2\/posts\/2910","targetHints":{"allow":["GET"]}}],"collection":[{"href":"https:\/\/castelldelremei.com\/zh-hant\/wp-json\/wp\/v2\/posts"}],"about":[{"href":"https:\/\/castelldelremei.com\/zh-hant\/wp-json\/wp\/v2\/types\/post"}],"author":[{"embeddable":true,"href":"https:\/\/castelldelremei.com\/zh-hant\/wp-json\/wp\/v2\/users\/15"}],"replies":[{"embeddable":true,"href":"https:\/\/castelldelremei.com\/zh-hant\/wp-json\/wp\/v2\/comments?post=2910"}],"version-history":[{"count":0,"href":"https:\/\/castelldelremei.com\/zh-hant\/wp-json\/wp\/v2\/posts\/2910\/revisions"}],"wp:featuredmedia":[{"embeddable":true,"href":"https:\/\/castelldelremei.com\/zh-hant\/wp-json\/wp\/v2\/media\/1216"}],"wp:attachment":[{"href":"https:\/\/castelldelremei.com\/zh-hant\/wp-json\/wp\/v2\/media?parent=2910"}],"wp:term":[{"taxonomy":"category","embeddable":true,"href":"https:\/\/castelldelremei.com\/zh-hant\/wp-json\/wp\/v2\/categories?post=2910"},{"taxonomy":"post_tag","embeddable":true,"href":"https:\/\/castelldelremei.com\/zh-hant\/wp-json\/wp\/v2\/tags?post=2910"}],"curies":[{"name":"wp","href":"https:\/\/api.w.org\/{rel}","templated":true}]}}